{"id":2623,"date":"2018-12-07T16:22:59","date_gmt":"2018-12-07T15:22:59","guid":{"rendered":"https:\/\/www.valgo.com\/?p=2623"},"modified":"2024-10-04T16:44:40","modified_gmt":"2024-10-04T14:44:40","slug":"pollutec-2018-quatro-dias-de-encontros-e-oportunidades","status":"publish","type":"post","link":"https:\/\/www.valgo.com\/pt-pt\/pollutec-2018-quatro-dias-de-encontros-e-oportunidades\/","title":{"rendered":"POLLUTEC 2018: Quatro dias de encontros e oportunidades"},"content":{"rendered":"","protected":false},"excerpt":{"rendered":"","protected":false},"author":12,"featured_media":1590,"comment_status":"open","ping_status":"open","sticky":false,"template":"","format":"standard","meta":{"_acf_changed":false,"footnotes":""},"categories":[106,66],"tags":[],"class_list":["post-2623","post","type-post","status-publish","format-standard","has-post-thumbnail","hentry","category-articles-valgo-pt-pt","category-artigo-valgo"],"acf":[],"yoast_head":"<!-- This site is optimized with the Yoast SEO plugin v26.6 - https:\/\/yoast.com\/wordpress\/plugins\/seo\/ -->\n<title>VALGO | Exposi\u00e7\u00e3o POLLUTEC 2018 em Lyon<\/title>\n<meta name=\"description\" content=\"Durante a exposi\u00e7\u00e3o POLLUTECH, a VALGO reuniu-se com seus clientes, stakeholders ambientais e profissionais de s\u00edtios e solos polu\u00eddos.\" \/>\n<meta name=\"robots\" content=\"index, follow, max-snippet:-1, max-image-preview:large, max-video-preview:-1\" \/>\n<link rel=\"canonical\" href=\"https:\/\/www.valgo.com\/pt-pt\/pollutec-2018-quatro-dias-de-encontros-e-oportunidades\/\" \/>\n<meta property=\"og:locale\" content=\"pt_PT\" \/>\n<meta property=\"og:type\" content=\"article\" \/>\n<meta property=\"og:title\" content=\"VALGO | Exposi\u00e7\u00e3o POLLUTEC 2018 em Lyon\" \/>\n<meta property=\"og:description\" content=\"Durante a exposi\u00e7\u00e3o POLLUTECH, a VALGO reuniu-se com seus clientes, stakeholders ambientais e profissionais de s\u00edtios e solos polu\u00eddos.\" \/>\n<meta property=\"og:url\" content=\"https:\/\/www.valgo.com\/pt-pt\/pollutec-2018-quatro-dias-de-encontros-e-oportunidades\/\" \/>\n<meta property=\"og:site_name\" content=\"Valgo\" \/>\n<meta property=\"article:published_time\" content=\"2018-12-07T15:22:59+00:00\" \/>\n<meta property=\"article:modified_time\" content=\"2024-10-04T14:44:40+00:00\" \/>\n<meta property=\"og:image\" content=\"https:\/\/www.valgo.com\/wp-content\/uploads\/2018\/12\/Pollutec1.jpd_.jpg\" \/>\n\t<meta property=\"og:image:width\" content=\"2976\" \/>\n\t<meta property=\"og:image:height\" content=\"1984\" \/>\n\t<meta property=\"og:image:type\" content=\"image\/jpeg\" \/>\n<meta name=\"author\" content=\"communication@valgo.com\" \/>\n<meta name=\"twitter:card\" content=\"summary_large_image\" \/>\n<meta name=\"twitter:label1\" content=\"Escrito por\" \/>\n\t<meta name=\"twitter:data1\" content=\"communication@valgo.com\" \/>\n<script type=\"application\/ld+json\" class=\"yoast-schema-graph\">{\"@context\":\"https:\/\/schema.org\",\"@graph\":[{\"@type\":\"WebPage\",\"@id\":\"https:\/\/www.valgo.com\/pt-pt\/pollutec-2018-quatro-dias-de-encontros-e-oportunidades\/\",\"url\":\"https:\/\/www.valgo.com\/pt-pt\/pollutec-2018-quatro-dias-de-encontros-e-oportunidades\/\",\"name\":\"VALGO | Exposi\u00e7\u00e3o POLLUTEC 2018 em Lyon\",\"isPartOf\":{\"@id\":\"https:\/\/www.valgo.com\/#website\"},\"primaryImageOfPage\":{\"@id\":\"https:\/\/www.valgo.com\/pt-pt\/pollutec-2018-quatro-dias-de-encontros-e-oportunidades\/#primaryimage\"},\"image\":{\"@id\":\"https:\/\/www.valgo.com\/pt-pt\/pollutec-2018-quatro-dias-de-encontros-e-oportunidades\/#primaryimage\"},\"thumbnailUrl\":\"https:\/\/www.valgo.com\/wp-content\/uploads\/2018\/12\/Pollutec1.jpd_.jpg\",\"datePublished\":\"2018-12-07T15:22:59+00:00\",\"dateModified\":\"2024-10-04T14:44:40+00:00\",\"author\":{\"@id\":\"https:\/\/www.valgo.com\/#\/schema\/person\/2352272704ab0dffd80e0e673413ac89\"},\"description\":\"Durante a exposi\u00e7\u00e3o POLLUTECH, a VALGO reuniu-se com seus clientes, stakeholders ambientais e profissionais de s\u00edtios e solos polu\u00eddos.\",\"breadcrumb\":{\"@id\":\"https:\/\/www.valgo.com\/pt-pt\/pollutec-2018-quatro-dias-de-encontros-e-oportunidades\/#breadcrumb\"},\"inLanguage\":\"pt-PT\",\"potentialAction\":[{\"@type\":\"ReadAction\",\"target\":[\"https:\/\/www.valgo.com\/pt-pt\/pollutec-2018-quatro-dias-de-encontros-e-oportunidades\/\"]}]},{\"@type\":\"ImageObject\",\"inLanguage\":\"pt-PT\",\"@id\":\"https:\/\/www.valgo.com\/pt-pt\/pollutec-2018-quatro-dias-de-encontros-e-oportunidades\/#primaryimage\",\"url\":\"https:\/\/www.valgo.com\/wp-content\/uploads\/2018\/12\/Pollutec1.jpd_.jpg\",\"contentUrl\":\"https:\/\/www.valgo.com\/wp-content\/uploads\/2018\/12\/Pollutec1.jpd_.jpg\",\"width\":2976,\"height\":1984,\"caption\":\"V\"},{\"@type\":\"BreadcrumbList\",\"@id\":\"https:\/\/www.valgo.com\/pt-pt\/pollutec-2018-quatro-dias-de-encontros-e-oportunidades\/#breadcrumb\",\"itemListElement\":[{\"@type\":\"ListItem\",\"position\":1,\"name\":\"Home\",\"item\":\"https:\/\/www.valgo.com\/pt-pt\/\"},{\"@type\":\"ListItem\",\"position\":2,\"name\":\"POLLUTEC 2018: Quatro dias de encontros e oportunidades\"}]},{\"@type\":\"WebSite\",\"@id\":\"https:\/\/www.valgo.com\/#website\",\"url\":\"https:\/\/www.valgo.com\/\",\"name\":\"Valgo\",\"description\":\"VALGO est une entreprise fran\u00e7aise sp\u00e9cialis\u00e9e dans le d\u00e9samiantage, d\u00e9construction et d\u00e9pollution de sites industriels\",\"potentialAction\":[{\"@type\":\"SearchAction\",\"target\":{\"@type\":\"EntryPoint\",\"urlTemplate\":\"https:\/\/www.valgo.com\/?s={search_term_string}\"},\"query-input\":{\"@type\":\"PropertyValueSpecification\",\"valueRequired\":true,\"valueName\":\"search_term_string\"}}],\"inLanguage\":\"pt-PT\"},{\"@type\":\"Person\",\"@id\":\"https:\/\/www.valgo.com\/#\/schema\/person\/2352272704ab0dffd80e0e673413ac89\",\"name\":\"communication@valgo.com\",\"image\":{\"@type\":\"ImageObject\",\"inLanguage\":\"pt-PT\",\"@id\":\"https:\/\/www.valgo.com\/#\/schema\/person\/image\/\",\"url\":\"https:\/\/secure.gravatar.com\/avatar\/a1a7c14e1763c00a85d04cab0a94dfe61cc4492f3aa4c67117704b7fd4120416?s=96&d=mm&r=g\",\"contentUrl\":\"https:\/\/secure.gravatar.com\/avatar\/a1a7c14e1763c00a85d04cab0a94dfe61cc4492f3aa4c67117704b7fd4120416?s=96&d=mm&r=g\",\"caption\":\"communication@valgo.com\"}}]}<\/script>\n<!-- \/ Yoast SEO plugin. -->","yoast_head_json":{"title":"VALGO | Exposi\u00e7\u00e3o POLLUTEC 2018 em Lyon","description":"Durante a exposi\u00e7\u00e3o POLLUTECH, a VALGO reuniu-se com seus clientes, stakeholders ambientais e profissionais de s\u00edtios e solos polu\u00eddos.","robots":{"index":"index","follow":"follow","max-snippet":"max-snippet:-1","max-image-preview":"max-image-preview:large","max-video-preview":"max-video-preview:-1"},"canonical":"https:\/\/www.valgo.com\/pt-pt\/pollutec-2018-quatro-dias-de-encontros-e-oportunidades\/","og_locale":"pt_PT","og_type":"article","og_title":"VALGO | Exposi\u00e7\u00e3o POLLUTEC 2018 em Lyon","og_description":"Durante a exposi\u00e7\u00e3o POLLUTECH, a VALGO reuniu-se com seus clientes, stakeholders ambientais e profissionais de s\u00edtios e solos polu\u00eddos.","og_url":"https:\/\/www.valgo.com\/pt-pt\/pollutec-2018-quatro-dias-de-encontros-e-oportunidades\/","og_site_name":"Valgo","article_published_time":"2018-12-07T15:22:59+00:00","article_modified_time":"2024-10-04T14:44:40+00:00","og_image":[{"width":2976,"height":1984,"url":"https:\/\/www.valgo.com\/wp-content\/uploads\/2018\/12\/Pollutec1.jpd_.jpg","type":"image\/jpeg"}],"author":"communication@valgo.com","twitter_card":"summary_large_image","twitter_misc":{"Escrito por":"communication@valgo.com"},"schema":{"@context":"https:\/\/schema.org","@graph":[{"@type":"WebPage","@id":"https:\/\/www.valgo.com\/pt-pt\/pollutec-2018-quatro-dias-de-encontros-e-oportunidades\/","url":"https:\/\/www.valgo.com\/pt-pt\/pollutec-2018-quatro-dias-de-encontros-e-oportunidades\/","name":"VALGO | Exposi\u00e7\u00e3o POLLUTEC 2018 em Lyon","isPartOf":{"@id":"https:\/\/www.valgo.com\/#website"},"primaryImageOfPage":{"@id":"https:\/\/www.valgo.com\/pt-pt\/pollutec-2018-quatro-dias-de-encontros-e-oportunidades\/#primaryimage"},"image":{"@id":"https:\/\/www.valgo.com\/pt-pt\/pollutec-2018-quatro-dias-de-encontros-e-oportunidades\/#primaryimage"},"thumbnailUrl":"https:\/\/www.valgo.com\/wp-content\/uploads\/2018\/12\/Pollutec1.jpd_.jpg","datePublished":"2018-12-07T15:22:59+00:00","dateModified":"2024-10-04T14:44:40+00:00","author":{"@id":"https:\/\/www.valgo.com\/#\/schema\/person\/2352272704ab0dffd80e0e673413ac89"},"description":"Durante a exposi\u00e7\u00e3o POLLUTECH, a VALGO reuniu-se com seus clientes, stakeholders ambientais e profissionais de s\u00edtios e solos polu\u00eddos.","breadcrumb":{"@id":"https:\/\/www.valgo.com\/pt-pt\/pollutec-2018-quatro-dias-de-encontros-e-oportunidades\/#breadcrumb"},"inLanguage":"pt-PT","potentialAction":[{"@type":"ReadAction","target":["https:\/\/www.valgo.com\/pt-pt\/pollutec-2018-quatro-dias-de-encontros-e-oportunidades\/"]}]},{"@type":"ImageObject","inLanguage":"pt-PT","@id":"https:\/\/www.valgo.com\/pt-pt\/pollutec-2018-quatro-dias-de-encontros-e-oportunidades\/#primaryimage","url":"https:\/\/www.valgo.com\/wp-content\/uploads\/2018\/12\/Pollutec1.jpd_.jpg","contentUrl":"https:\/\/www.valgo.com\/wp-content\/uploads\/2018\/12\/Pollutec1.jpd_.jpg","width":2976,"height":1984,"caption":"V"},{"@type":"BreadcrumbList","@id":"https:\/\/www.valgo.com\/pt-pt\/pollutec-2018-quatro-dias-de-encontros-e-oportunidades\/#breadcrumb","itemListElement":[{"@type":"ListItem","position":1,"name":"Home","item":"https:\/\/www.valgo.com\/pt-pt\/"},{"@type":"ListItem","position":2,"name":"POLLUTEC 2018: Quatro dias de encontros e oportunidades"}]},{"@type":"WebSite","@id":"https:\/\/www.valgo.com\/#website","url":"https:\/\/www.valgo.com\/","name":"Valgo","description":"VALGO est une entreprise fran\u00e7aise sp\u00e9cialis\u00e9e dans le d\u00e9samiantage, d\u00e9construction et d\u00e9pollution de sites industriels","potentialAction":[{"@type":"SearchAction","target":{"@type":"EntryPoint","urlTemplate":"https:\/\/www.valgo.com\/?s={search_term_string}"},"query-input":{"@type":"PropertyValueSpecification","valueRequired":true,"valueName":"search_term_string"}}],"inLanguage":"pt-PT"},{"@type":"Person","@id":"https:\/\/www.valgo.com\/#\/schema\/person\/2352272704ab0dffd80e0e673413ac89","name":"communication@valgo.com","image":{"@type":"ImageObject","inLanguage":"pt-PT","@id":"https:\/\/www.valgo.com\/#\/schema\/person\/image\/","url":"https:\/\/secure.gravatar.com\/avatar\/a1a7c14e1763c00a85d04cab0a94dfe61cc4492f3aa4c67117704b7fd4120416?s=96&d=mm&r=g","contentUrl":"https:\/\/secure.gravatar.com\/avatar\/a1a7c14e1763c00a85d04cab0a94dfe61cc4492f3aa4c67117704b7fd4120416?s=96&d=mm&r=g","caption":"communication@valgo.com"}}]}},"_links":{"self":[{"href":"https:\/\/www.valgo.com\/pt-pt\/wp-json\/wp\/v2\/posts\/2623","targetHints":{"allow":["GET"]}}],"collection":[{"href":"https:\/\/www.valgo.com\/pt-pt\/wp-json\/wp\/v2\/posts"}],"about":[{"href":"https:\/\/www.valgo.com\/pt-pt\/wp-json\/wp\/v2\/types\/post"}],"author":[{"embeddable":true,"href":"https:\/\/www.valgo.com\/pt-pt\/wp-json\/wp\/v2\/users\/12"}],"replies":[{"embeddable":true,"href":"https:\/\/www.valgo.com\/pt-pt\/wp-json\/wp\/v2\/comments?post=2623"}],"version-history":[{"count":2,"href":"https:\/\/www.valgo.com\/pt-pt\/wp-json\/wp\/v2\/posts\/2623\/revisions"}],"predecessor-version":[{"id":11855,"href":"https:\/\/www.valgo.com\/pt-pt\/wp-json\/wp\/v2\/posts\/2623\/revisions\/11855"}],"wp:featuredmedia":[{"embeddable":true,"href":"https:\/\/www.valgo.com\/pt-pt\/wp-json\/wp\/v2\/media\/1590"}],"wp:attachment":[{"href":"https:\/\/www.valgo.com\/pt-pt\/wp-json\/wp\/v2\/media?parent=2623"}],"wp:term":[{"taxonomy":"category","embeddable":true,"href":"https:\/\/www.valgo.com\/pt-pt\/wp-json\/wp\/v2\/categories?post=2623"},{"taxonomy":"post_tag","embeddable":true,"href":"https:\/\/www.valgo.com\/pt-pt\/wp-json\/wp\/v2\/tags?post=2623"}],"curies":[{"name":"wp","href":"https:\/\/api.w.org\/{rel}","templated":true}]}}