{"id":2611,"date":"2019-01-18T16:11:13","date_gmt":"2019-01-18T15:11:13","guid":{"rendered":"https:\/\/www.valgo.com\/?p=2611"},"modified":"2024-10-04T16:43:55","modified_gmt":"2024-10-04T14:43:55","slug":"remediacao-ambiental-valgo-tratamento-de-solos-por-dessorcao-termica","status":"publish","type":"post","link":"https:\/\/www.valgo.com\/pt-pt\/remediacao-ambiental-valgo-tratamento-de-solos-por-dessorcao-termica\/","title":{"rendered":"Remedia\u00e7\u00e3o ambiental \u2013 VALGO: tratamento de solos por dessor\u00e7\u00e3o t\u00e9rmica"},"content":{"rendered":"","protected":false},"excerpt":{"rendered":"","protected":false},"author":12,"featured_media":2612,"comment_status":"open","ping_status":"open","sticky":false,"template":"","format":"standard","meta":{"_acf_changed":false,"footnotes":""},"categories":[106,65],"tags":[],"class_list":["post-2611","post","type-post","status-publish","format-standard","has-post-thumbnail","hentry","category-articles-valgo-pt-pt","category-artigo-de-imprensa"],"acf":[],"yoast_head":"<!-- This site is optimized with the Yoast SEO plugin v26.6 - https:\/\/yoast.com\/wordpress\/plugins\/seo\/ -->\n<title>VALGO | Tratamento do solo por dessor\u00e7\u00e3o t\u00e9rmica<\/title>\n<meta name=\"description\" content=\"Remedia\u00e7\u00e3o de solos: a VALGO apresentou no congresso e exposi\u00e7\u00e3o Intersol 2018 a t\u00e9cnica de dessor\u00e7\u00e3o t\u00e9rmica utilizada in situ e em obra em v\u00e1rios s\u00edtios.\" \/>\n<meta name=\"robots\" content=\"index, follow, max-snippet:-1, max-image-preview:large, max-video-preview:-1\" \/>\n<link rel=\"canonical\" href=\"https:\/\/www.valgo.com\/pt-pt\/remediacao-ambiental-valgo-tratamento-de-solos-por-dessorcao-termica\/\" \/>\n<meta property=\"og:locale\" content=\"pt_PT\" \/>\n<meta property=\"og:type\" content=\"article\" \/>\n<meta property=\"og:title\" content=\"VALGO | Tratamento do solo por dessor\u00e7\u00e3o t\u00e9rmica\" \/>\n<meta property=\"og:description\" content=\"Remedia\u00e7\u00e3o de solos: a VALGO apresentou no congresso e exposi\u00e7\u00e3o Intersol 2018 a t\u00e9cnica de dessor\u00e7\u00e3o t\u00e9rmica utilizada in situ e em obra em v\u00e1rios s\u00edtios.\" \/>\n<meta property=\"og:url\" content=\"https:\/\/www.valgo.com\/pt-pt\/remediacao-ambiental-valgo-tratamento-de-solos-por-dessorcao-termica\/\" \/>\n<meta property=\"og:site_name\" content=\"Valgo\" \/>\n<meta property=\"article:published_time\" content=\"2019-01-18T15:11:13+00:00\" \/>\n<meta property=\"article:modified_time\" content=\"2024-10-04T14:43:55+00:00\" \/>\n<meta property=\"og:image\" content=\"https:\/\/www.valgo.com\/wp-content\/uploads\/2019\/01\/article-illustration.png\" \/>\n\t<meta property=\"og:image:width\" content=\"534\" \/>\n\t<meta property=\"og:image:height\" content=\"308\" \/>\n\t<meta property=\"og:image:type\" content=\"image\/png\" \/>\n<meta name=\"author\" content=\"communication@valgo.com\" \/>\n<meta name=\"twitter:card\" content=\"summary_large_image\" \/>\n<meta name=\"twitter:label1\" content=\"Escrito por\" \/>\n\t<meta name=\"twitter:data1\" content=\"communication@valgo.com\" \/>\n<script type=\"application\/ld+json\" class=\"yoast-schema-graph\">{\"@context\":\"https:\/\/schema.org\",\"@graph\":[{\"@type\":\"WebPage\",\"@id\":\"https:\/\/www.valgo.com\/pt-pt\/remediacao-ambiental-valgo-tratamento-de-solos-por-dessorcao-termica\/\",\"url\":\"https:\/\/www.valgo.com\/pt-pt\/remediacao-ambiental-valgo-tratamento-de-solos-por-dessorcao-termica\/\",\"name\":\"VALGO | Tratamento do solo por dessor\u00e7\u00e3o t\u00e9rmica\",\"isPartOf\":{\"@id\":\"https:\/\/www.valgo.com\/#website\"},\"primaryImageOfPage\":{\"@id\":\"https:\/\/www.valgo.com\/pt-pt\/remediacao-ambiental-valgo-tratamento-de-solos-por-dessorcao-termica\/#primaryimage\"},\"image\":{\"@id\":\"https:\/\/www.valgo.com\/pt-pt\/remediacao-ambiental-valgo-tratamento-de-solos-por-dessorcao-termica\/#primaryimage\"},\"thumbnailUrl\":\"https:\/\/www.valgo.com\/wp-content\/uploads\/2019\/01\/article-illustration.png\",\"datePublished\":\"2019-01-18T15:11:13+00:00\",\"dateModified\":\"2024-10-04T14:43:55+00:00\",\"author\":{\"@id\":\"https:\/\/www.valgo.com\/#\/schema\/person\/2352272704ab0dffd80e0e673413ac89\"},\"description\":\"Remedia\u00e7\u00e3o de solos: a VALGO apresentou no congresso e exposi\u00e7\u00e3o Intersol 2018 a t\u00e9cnica de dessor\u00e7\u00e3o t\u00e9rmica utilizada in situ e em obra em v\u00e1rios s\u00edtios.\",\"breadcrumb\":{\"@id\":\"https:\/\/www.valgo.com\/pt-pt\/remediacao-ambiental-valgo-tratamento-de-solos-por-dessorcao-termica\/#breadcrumb\"},\"inLanguage\":\"pt-PT\",\"potentialAction\":[{\"@type\":\"ReadAction\",\"target\":[\"https:\/\/www.valgo.com\/pt-pt\/remediacao-ambiental-valgo-tratamento-de-solos-por-dessorcao-termica\/\"]}]},{\"@type\":\"ImageObject\",\"inLanguage\":\"pt-PT\",\"@id\":\"https:\/\/www.valgo.com\/pt-pt\/remediacao-ambiental-valgo-tratamento-de-solos-por-dessorcao-termica\/#primaryimage\",\"url\":\"https:\/\/www.valgo.com\/wp-content\/uploads\/2019\/01\/article-illustration.png\",\"contentUrl\":\"https:\/\/www.valgo.com\/wp-content\/uploads\/2019\/01\/article-illustration.png\",\"width\":534,\"height\":308},{\"@type\":\"BreadcrumbList\",\"@id\":\"https:\/\/www.valgo.com\/pt-pt\/remediacao-ambiental-valgo-tratamento-de-solos-por-dessorcao-termica\/#breadcrumb\",\"itemListElement\":[{\"@type\":\"ListItem\",\"position\":1,\"name\":\"Home\",\"item\":\"https:\/\/www.valgo.com\/pt-pt\/\"},{\"@type\":\"ListItem\",\"position\":2,\"name\":\"Remedia\u00e7\u00e3o ambiental \u2013 VALGO: tratamento de solos por dessor\u00e7\u00e3o t\u00e9rmica\"}]},{\"@type\":\"WebSite\",\"@id\":\"https:\/\/www.valgo.com\/#website\",\"url\":\"https:\/\/www.valgo.com\/\",\"name\":\"Valgo\",\"description\":\"VALGO est une entreprise fran\u00e7aise sp\u00e9cialis\u00e9e dans le d\u00e9samiantage, d\u00e9construction et d\u00e9pollution de sites industriels\",\"potentialAction\":[{\"@type\":\"SearchAction\",\"target\":{\"@type\":\"EntryPoint\",\"urlTemplate\":\"https:\/\/www.valgo.com\/?s={search_term_string}\"},\"query-input\":{\"@type\":\"PropertyValueSpecification\",\"valueRequired\":true,\"valueName\":\"search_term_string\"}}],\"inLanguage\":\"pt-PT\"},{\"@type\":\"Person\",\"@id\":\"https:\/\/www.valgo.com\/#\/schema\/person\/2352272704ab0dffd80e0e673413ac89\",\"name\":\"communication@valgo.com\",\"image\":{\"@type\":\"ImageObject\",\"inLanguage\":\"pt-PT\",\"@id\":\"https:\/\/www.valgo.com\/#\/schema\/person\/image\/\",\"url\":\"https:\/\/secure.gravatar.com\/avatar\/a1a7c14e1763c00a85d04cab0a94dfe61cc4492f3aa4c67117704b7fd4120416?s=96&d=mm&r=g\",\"contentUrl\":\"https:\/\/secure.gravatar.com\/avatar\/a1a7c14e1763c00a85d04cab0a94dfe61cc4492f3aa4c67117704b7fd4120416?s=96&d=mm&r=g\",\"caption\":\"communication@valgo.com\"}}]}<\/script>\n<!-- \/ Yoast SEO plugin. -->","yoast_head_json":{"title":"VALGO | Tratamento do solo por dessor\u00e7\u00e3o t\u00e9rmica","description":"Remedia\u00e7\u00e3o de solos: a VALGO apresentou no congresso e exposi\u00e7\u00e3o Intersol 2018 a t\u00e9cnica de dessor\u00e7\u00e3o t\u00e9rmica utilizada in situ e em obra em v\u00e1rios s\u00edtios.","robots":{"index":"index","follow":"follow","max-snippet":"max-snippet:-1","max-image-preview":"max-image-preview:large","max-video-preview":"max-video-preview:-1"},"canonical":"https:\/\/www.valgo.com\/pt-pt\/remediacao-ambiental-valgo-tratamento-de-solos-por-dessorcao-termica\/","og_locale":"pt_PT","og_type":"article","og_title":"VALGO | Tratamento do solo por dessor\u00e7\u00e3o t\u00e9rmica","og_description":"Remedia\u00e7\u00e3o de solos: a VALGO apresentou no congresso e exposi\u00e7\u00e3o Intersol 2018 a t\u00e9cnica de dessor\u00e7\u00e3o t\u00e9rmica utilizada in situ e em obra em v\u00e1rios s\u00edtios.","og_url":"https:\/\/www.valgo.com\/pt-pt\/remediacao-ambiental-valgo-tratamento-de-solos-por-dessorcao-termica\/","og_site_name":"Valgo","article_published_time":"2019-01-18T15:11:13+00:00","article_modified_time":"2024-10-04T14:43:55+00:00","og_image":[{"width":534,"height":308,"url":"https:\/\/www.valgo.com\/wp-content\/uploads\/2019\/01\/article-illustration.png","type":"image\/png"}],"author":"communication@valgo.com","twitter_card":"summary_large_image","twitter_misc":{"Escrito por":"communication@valgo.com"},"schema":{"@context":"https:\/\/schema.org","@graph":[{"@type":"WebPage","@id":"https:\/\/www.valgo.com\/pt-pt\/remediacao-ambiental-valgo-tratamento-de-solos-por-dessorcao-termica\/","url":"https:\/\/www.valgo.com\/pt-pt\/remediacao-ambiental-valgo-tratamento-de-solos-por-dessorcao-termica\/","name":"VALGO | Tratamento do solo por dessor\u00e7\u00e3o t\u00e9rmica","isPartOf":{"@id":"https:\/\/www.valgo.com\/#website"},"primaryImageOfPage":{"@id":"https:\/\/www.valgo.com\/pt-pt\/remediacao-ambiental-valgo-tratamento-de-solos-por-dessorcao-termica\/#primaryimage"},"image":{"@id":"https:\/\/www.valgo.com\/pt-pt\/remediacao-ambiental-valgo-tratamento-de-solos-por-dessorcao-termica\/#primaryimage"},"thumbnailUrl":"https:\/\/www.valgo.com\/wp-content\/uploads\/2019\/01\/article-illustration.png","datePublished":"2019-01-18T15:11:13+00:00","dateModified":"2024-10-04T14:43:55+00:00","author":{"@id":"https:\/\/www.valgo.com\/#\/schema\/person\/2352272704ab0dffd80e0e673413ac89"},"description":"Remedia\u00e7\u00e3o de solos: a VALGO apresentou no congresso e exposi\u00e7\u00e3o Intersol 2018 a t\u00e9cnica de dessor\u00e7\u00e3o t\u00e9rmica utilizada in situ e em obra em v\u00e1rios s\u00edtios.","breadcrumb":{"@id":"https:\/\/www.valgo.com\/pt-pt\/remediacao-ambiental-valgo-tratamento-de-solos-por-dessorcao-termica\/#breadcrumb"},"inLanguage":"pt-PT","potentialAction":[{"@type":"ReadAction","target":["https:\/\/www.valgo.com\/pt-pt\/remediacao-ambiental-valgo-tratamento-de-solos-por-dessorcao-termica\/"]}]},{"@type":"ImageObject","inLanguage":"pt-PT","@id":"https:\/\/www.valgo.com\/pt-pt\/remediacao-ambiental-valgo-tratamento-de-solos-por-dessorcao-termica\/#primaryimage","url":"https:\/\/www.valgo.com\/wp-content\/uploads\/2019\/01\/article-illustration.png","contentUrl":"https:\/\/www.valgo.com\/wp-content\/uploads\/2019\/01\/article-illustration.png","width":534,"height":308},{"@type":"BreadcrumbList","@id":"https:\/\/www.valgo.com\/pt-pt\/remediacao-ambiental-valgo-tratamento-de-solos-por-dessorcao-termica\/#breadcrumb","itemListElement":[{"@type":"ListItem","position":1,"name":"Home","item":"https:\/\/www.valgo.com\/pt-pt\/"},{"@type":"ListItem","position":2,"name":"Remedia\u00e7\u00e3o ambiental \u2013 VALGO: tratamento de solos por dessor\u00e7\u00e3o t\u00e9rmica"}]},{"@type":"WebSite","@id":"https:\/\/www.valgo.com\/#website","url":"https:\/\/www.valgo.com\/","name":"Valgo","description":"VALGO est une entreprise fran\u00e7aise sp\u00e9cialis\u00e9e dans le d\u00e9samiantage, d\u00e9construction et d\u00e9pollution de sites industriels","potentialAction":[{"@type":"SearchAction","target":{"@type":"EntryPoint","urlTemplate":"https:\/\/www.valgo.com\/?s={search_term_string}"},"query-input":{"@type":"PropertyValueSpecification","valueRequired":true,"valueName":"search_term_string"}}],"inLanguage":"pt-PT"},{"@type":"Person","@id":"https:\/\/www.valgo.com\/#\/schema\/person\/2352272704ab0dffd80e0e673413ac89","name":"communication@valgo.com","image":{"@type":"ImageObject","inLanguage":"pt-PT","@id":"https:\/\/www.valgo.com\/#\/schema\/person\/image\/","url":"https:\/\/secure.gravatar.com\/avatar\/a1a7c14e1763c00a85d04cab0a94dfe61cc4492f3aa4c67117704b7fd4120416?s=96&d=mm&r=g","contentUrl":"https:\/\/secure.gravatar.com\/avatar\/a1a7c14e1763c00a85d04cab0a94dfe61cc4492f3aa4c67117704b7fd4120416?s=96&d=mm&r=g","caption":"communication@valgo.com"}}]}},"_links":{"self":[{"href":"https:\/\/www.valgo.com\/pt-pt\/wp-json\/wp\/v2\/posts\/2611","targetHints":{"allow":["GET"]}}],"collection":[{"href":"https:\/\/www.valgo.com\/pt-pt\/wp-json\/wp\/v2\/posts"}],"about":[{"href":"https:\/\/www.valgo.com\/pt-pt\/wp-json\/wp\/v2\/types\/post"}],"author":[{"embeddable":true,"href":"https:\/\/www.valgo.com\/pt-pt\/wp-json\/wp\/v2\/users\/12"}],"replies":[{"embeddable":true,"href":"https:\/\/www.valgo.com\/pt-pt\/wp-json\/wp\/v2\/comments?post=2611"}],"version-history":[{"count":2,"href":"https:\/\/www.valgo.com\/pt-pt\/wp-json\/wp\/v2\/posts\/2611\/revisions"}],"predecessor-version":[{"id":11854,"href":"https:\/\/www.valgo.com\/pt-pt\/wp-json\/wp\/v2\/posts\/2611\/revisions\/11854"}],"wp:featuredmedia":[{"embeddable":true,"href":"https:\/\/www.valgo.com\/pt-pt\/wp-json\/wp\/v2\/media\/2612"}],"wp:attachment":[{"href":"https:\/\/www.valgo.com\/pt-pt\/wp-json\/wp\/v2\/media?parent=2611"}],"wp:term":[{"taxonomy":"category","embeddable":true,"href":"https:\/\/www.valgo.com\/pt-pt\/wp-json\/wp\/v2\/categories?post=2611"},{"taxonomy":"post_tag","embeddable":true,"href":"https:\/\/www.valgo.com\/pt-pt\/wp-json\/wp\/v2\/tags?post=2611"}],"curies":[{"name":"wp","href":"https:\/\/api.w.org\/{rel}","templated":true}]}}