{"id":2609,"date":"2018-11-18T16:05:12","date_gmt":"2018-11-18T15:05:12","guid":{"rendered":"https:\/\/www.valgo.com\/?p=2609"},"modified":"2024-10-04T16:45:37","modified_gmt":"2024-10-04T14:45:37","slug":"brownfields-valgo-combina-remediacao-ambiental-e-reconversao-economica","status":"publish","type":"post","link":"https:\/\/www.valgo.com\/pt-pt\/brownfields-valgo-combina-remediacao-ambiental-e-reconversao-economica\/","title":{"rendered":"Brownfields: VALGO combina remedia\u00e7\u00e3o ambiental e reconvers\u00e3o econ\u00f4mica"},"content":{"rendered":"","protected":false},"excerpt":{"rendered":"","protected":false},"author":12,"featured_media":1979,"comment_status":"open","ping_status":"open","sticky":false,"template":"","format":"standard","meta":{"_acf_changed":false,"footnotes":""},"categories":[65],"tags":[],"class_list":["post-2609","post","type-post","status-publish","format-standard","has-post-thumbnail","hentry","category-artigo-de-imprensa"],"acf":[],"yoast_head":"<!-- This site is optimized with the Yoast SEO plugin v26.6 - https:\/\/yoast.com\/wordpress\/plugins\/seo\/ -->\n<title>Despolui\u00e7\u00e3o e reconvers\u00e3o econ\u00f3mica das instala\u00e7\u00f5es industriais | VALGO<\/title>\n<meta name=\"description\" content=\"Entrevista com Fran\u00e7ois Bouch\u00e9, CEO da VALGO, empresa especializada na reconvers\u00e3o de instala\u00e7\u00f5es industriais (desconstru\u00e7\u00e3o, remo\u00e7\u00e3o de amianto, controlo da polui\u00e7\u00e3o, desenvolvimento) na revista EIN\" \/>\n<meta name=\"robots\" content=\"index, follow, max-snippet:-1, max-image-preview:large, max-video-preview:-1\" \/>\n<link rel=\"canonical\" href=\"https:\/\/www.valgo.com\/pt-pt\/brownfields-valgo-combina-remediacao-ambiental-e-reconversao-economica\/\" \/>\n<meta property=\"og:locale\" content=\"pt_PT\" \/>\n<meta property=\"og:type\" content=\"article\" \/>\n<meta property=\"og:title\" content=\"Despolui\u00e7\u00e3o e reconvers\u00e3o econ\u00f3mica das instala\u00e7\u00f5es industriais | VALGO\" \/>\n<meta property=\"og:description\" content=\"Entrevista com Fran\u00e7ois Bouch\u00e9, CEO da VALGO, empresa especializada na reconvers\u00e3o de instala\u00e7\u00f5es industriais (desconstru\u00e7\u00e3o, remo\u00e7\u00e3o de amianto, controlo da polui\u00e7\u00e3o, desenvolvimento) na revista EIN\" \/>\n<meta property=\"og:url\" content=\"https:\/\/www.valgo.com\/pt-pt\/brownfields-valgo-combina-remediacao-ambiental-e-reconversao-economica\/\" \/>\n<meta property=\"og:site_name\" content=\"Valgo\" \/>\n<meta property=\"article:published_time\" content=\"2018-11-18T15:05:12+00:00\" \/>\n<meta property=\"article:modified_time\" content=\"2024-10-04T14:45:37+00:00\" \/>\n<meta property=\"og:image\" content=\"https:\/\/www.valgo.com\/wp-content\/uploads\/2018\/11\/article.png\" \/>\n\t<meta property=\"og:image:width\" content=\"400\" \/>\n\t<meta property=\"og:image:height\" content=\"250\" \/>\n\t<meta property=\"og:image:type\" content=\"image\/png\" \/>\n<meta name=\"author\" content=\"communication@valgo.com\" \/>\n<meta name=\"twitter:card\" content=\"summary_large_image\" \/>\n<meta name=\"twitter:label1\" content=\"Escrito por\" \/>\n\t<meta name=\"twitter:data1\" content=\"communication@valgo.com\" \/>\n<script type=\"application\/ld+json\" class=\"yoast-schema-graph\">{\"@context\":\"https:\/\/schema.org\",\"@graph\":[{\"@type\":\"WebPage\",\"@id\":\"https:\/\/www.valgo.com\/pt-pt\/brownfields-valgo-combina-remediacao-ambiental-e-reconversao-economica\/\",\"url\":\"https:\/\/www.valgo.com\/pt-pt\/brownfields-valgo-combina-remediacao-ambiental-e-reconversao-economica\/\",\"name\":\"Despolui\u00e7\u00e3o e reconvers\u00e3o econ\u00f3mica das instala\u00e7\u00f5es industriais | VALGO\",\"isPartOf\":{\"@id\":\"https:\/\/www.valgo.com\/#website\"},\"primaryImageOfPage\":{\"@id\":\"https:\/\/www.valgo.com\/pt-pt\/brownfields-valgo-combina-remediacao-ambiental-e-reconversao-economica\/#primaryimage\"},\"image\":{\"@id\":\"https:\/\/www.valgo.com\/pt-pt\/brownfields-valgo-combina-remediacao-ambiental-e-reconversao-economica\/#primaryimage\"},\"thumbnailUrl\":\"https:\/\/www.valgo.com\/wp-content\/uploads\/2018\/11\/article.png\",\"datePublished\":\"2018-11-18T15:05:12+00:00\",\"dateModified\":\"2024-10-04T14:45:37+00:00\",\"author\":{\"@id\":\"https:\/\/www.valgo.com\/#\/schema\/person\/2352272704ab0dffd80e0e673413ac89\"},\"description\":\"Entrevista com Fran\u00e7ois Bouch\u00e9, CEO da VALGO, empresa especializada na reconvers\u00e3o de instala\u00e7\u00f5es industriais (desconstru\u00e7\u00e3o, remo\u00e7\u00e3o de amianto, controlo da polui\u00e7\u00e3o, desenvolvimento) na revista EIN\",\"breadcrumb\":{\"@id\":\"https:\/\/www.valgo.com\/pt-pt\/brownfields-valgo-combina-remediacao-ambiental-e-reconversao-economica\/#breadcrumb\"},\"inLanguage\":\"pt-PT\",\"potentialAction\":[{\"@type\":\"ReadAction\",\"target\":[\"https:\/\/www.valgo.com\/pt-pt\/brownfields-valgo-combina-remediacao-ambiental-e-reconversao-economica\/\"]}]},{\"@type\":\"ImageObject\",\"inLanguage\":\"pt-PT\",\"@id\":\"https:\/\/www.valgo.com\/pt-pt\/brownfields-valgo-combina-remediacao-ambiental-e-reconversao-economica\/#primaryimage\",\"url\":\"https:\/\/www.valgo.com\/wp-content\/uploads\/2018\/11\/article.png\",\"contentUrl\":\"https:\/\/www.valgo.com\/wp-content\/uploads\/2018\/11\/article.png\",\"width\":400,\"height\":250,\"caption\":\"chantier_valgo_depollution_reconversion_economique\"},{\"@type\":\"BreadcrumbList\",\"@id\":\"https:\/\/www.valgo.com\/pt-pt\/brownfields-valgo-combina-remediacao-ambiental-e-reconversao-economica\/#breadcrumb\",\"itemListElement\":[{\"@type\":\"ListItem\",\"position\":1,\"name\":\"Home\",\"item\":\"https:\/\/www.valgo.com\/pt-pt\/\"},{\"@type\":\"ListItem\",\"position\":2,\"name\":\"Brownfields: VALGO combina remedia\u00e7\u00e3o ambiental e reconvers\u00e3o econ\u00f4mica\"}]},{\"@type\":\"WebSite\",\"@id\":\"https:\/\/www.valgo.com\/#website\",\"url\":\"https:\/\/www.valgo.com\/\",\"name\":\"Valgo\",\"description\":\"VALGO est une entreprise fran\u00e7aise sp\u00e9cialis\u00e9e dans le d\u00e9samiantage, d\u00e9construction et d\u00e9pollution de sites industriels\",\"potentialAction\":[{\"@type\":\"SearchAction\",\"target\":{\"@type\":\"EntryPoint\",\"urlTemplate\":\"https:\/\/www.valgo.com\/?s={search_term_string}\"},\"query-input\":{\"@type\":\"PropertyValueSpecification\",\"valueRequired\":true,\"valueName\":\"search_term_string\"}}],\"inLanguage\":\"pt-PT\"},{\"@type\":\"Person\",\"@id\":\"https:\/\/www.valgo.com\/#\/schema\/person\/2352272704ab0dffd80e0e673413ac89\",\"name\":\"communication@valgo.com\",\"image\":{\"@type\":\"ImageObject\",\"inLanguage\":\"pt-PT\",\"@id\":\"https:\/\/www.valgo.com\/#\/schema\/person\/image\/\",\"url\":\"https:\/\/secure.gravatar.com\/avatar\/a1a7c14e1763c00a85d04cab0a94dfe61cc4492f3aa4c67117704b7fd4120416?s=96&d=mm&r=g\",\"contentUrl\":\"https:\/\/secure.gravatar.com\/avatar\/a1a7c14e1763c00a85d04cab0a94dfe61cc4492f3aa4c67117704b7fd4120416?s=96&d=mm&r=g\",\"caption\":\"communication@valgo.com\"}}]}<\/script>\n<!-- \/ Yoast SEO plugin. -->","yoast_head_json":{"title":"Despolui\u00e7\u00e3o e reconvers\u00e3o econ\u00f3mica das instala\u00e7\u00f5es industriais | VALGO","description":"Entrevista com Fran\u00e7ois Bouch\u00e9, CEO da VALGO, empresa especializada na reconvers\u00e3o de instala\u00e7\u00f5es industriais (desconstru\u00e7\u00e3o, remo\u00e7\u00e3o de amianto, controlo da polui\u00e7\u00e3o, desenvolvimento) na revista EIN","robots":{"index":"index","follow":"follow","max-snippet":"max-snippet:-1","max-image-preview":"max-image-preview:large","max-video-preview":"max-video-preview:-1"},"canonical":"https:\/\/www.valgo.com\/pt-pt\/brownfields-valgo-combina-remediacao-ambiental-e-reconversao-economica\/","og_locale":"pt_PT","og_type":"article","og_title":"Despolui\u00e7\u00e3o e reconvers\u00e3o econ\u00f3mica das instala\u00e7\u00f5es industriais | VALGO","og_description":"Entrevista com Fran\u00e7ois Bouch\u00e9, CEO da VALGO, empresa especializada na reconvers\u00e3o de instala\u00e7\u00f5es industriais (desconstru\u00e7\u00e3o, remo\u00e7\u00e3o de amianto, controlo da polui\u00e7\u00e3o, desenvolvimento) na revista EIN","og_url":"https:\/\/www.valgo.com\/pt-pt\/brownfields-valgo-combina-remediacao-ambiental-e-reconversao-economica\/","og_site_name":"Valgo","article_published_time":"2018-11-18T15:05:12+00:00","article_modified_time":"2024-10-04T14:45:37+00:00","og_image":[{"width":400,"height":250,"url":"https:\/\/www.valgo.com\/wp-content\/uploads\/2018\/11\/article.png","type":"image\/png"}],"author":"communication@valgo.com","twitter_card":"summary_large_image","twitter_misc":{"Escrito por":"communication@valgo.com"},"schema":{"@context":"https:\/\/schema.org","@graph":[{"@type":"WebPage","@id":"https:\/\/www.valgo.com\/pt-pt\/brownfields-valgo-combina-remediacao-ambiental-e-reconversao-economica\/","url":"https:\/\/www.valgo.com\/pt-pt\/brownfields-valgo-combina-remediacao-ambiental-e-reconversao-economica\/","name":"Despolui\u00e7\u00e3o e reconvers\u00e3o econ\u00f3mica das instala\u00e7\u00f5es industriais | VALGO","isPartOf":{"@id":"https:\/\/www.valgo.com\/#website"},"primaryImageOfPage":{"@id":"https:\/\/www.valgo.com\/pt-pt\/brownfields-valgo-combina-remediacao-ambiental-e-reconversao-economica\/#primaryimage"},"image":{"@id":"https:\/\/www.valgo.com\/pt-pt\/brownfields-valgo-combina-remediacao-ambiental-e-reconversao-economica\/#primaryimage"},"thumbnailUrl":"https:\/\/www.valgo.com\/wp-content\/uploads\/2018\/11\/article.png","datePublished":"2018-11-18T15:05:12+00:00","dateModified":"2024-10-04T14:45:37+00:00","author":{"@id":"https:\/\/www.valgo.com\/#\/schema\/person\/2352272704ab0dffd80e0e673413ac89"},"description":"Entrevista com Fran\u00e7ois Bouch\u00e9, CEO da VALGO, empresa especializada na reconvers\u00e3o de instala\u00e7\u00f5es industriais (desconstru\u00e7\u00e3o, remo\u00e7\u00e3o de amianto, controlo da polui\u00e7\u00e3o, desenvolvimento) na revista EIN","breadcrumb":{"@id":"https:\/\/www.valgo.com\/pt-pt\/brownfields-valgo-combina-remediacao-ambiental-e-reconversao-economica\/#breadcrumb"},"inLanguage":"pt-PT","potentialAction":[{"@type":"ReadAction","target":["https:\/\/www.valgo.com\/pt-pt\/brownfields-valgo-combina-remediacao-ambiental-e-reconversao-economica\/"]}]},{"@type":"ImageObject","inLanguage":"pt-PT","@id":"https:\/\/www.valgo.com\/pt-pt\/brownfields-valgo-combina-remediacao-ambiental-e-reconversao-economica\/#primaryimage","url":"https:\/\/www.valgo.com\/wp-content\/uploads\/2018\/11\/article.png","contentUrl":"https:\/\/www.valgo.com\/wp-content\/uploads\/2018\/11\/article.png","width":400,"height":250,"caption":"chantier_valgo_depollution_reconversion_economique"},{"@type":"BreadcrumbList","@id":"https:\/\/www.valgo.com\/pt-pt\/brownfields-valgo-combina-remediacao-ambiental-e-reconversao-economica\/#breadcrumb","itemListElement":[{"@type":"ListItem","position":1,"name":"Home","item":"https:\/\/www.valgo.com\/pt-pt\/"},{"@type":"ListItem","position":2,"name":"Brownfields: VALGO combina remedia\u00e7\u00e3o ambiental e reconvers\u00e3o econ\u00f4mica"}]},{"@type":"WebSite","@id":"https:\/\/www.valgo.com\/#website","url":"https:\/\/www.valgo.com\/","name":"Valgo","description":"VALGO est une entreprise fran\u00e7aise sp\u00e9cialis\u00e9e dans le d\u00e9samiantage, d\u00e9construction et d\u00e9pollution de sites industriels","potentialAction":[{"@type":"SearchAction","target":{"@type":"EntryPoint","urlTemplate":"https:\/\/www.valgo.com\/?s={search_term_string}"},"query-input":{"@type":"PropertyValueSpecification","valueRequired":true,"valueName":"search_term_string"}}],"inLanguage":"pt-PT"},{"@type":"Person","@id":"https:\/\/www.valgo.com\/#\/schema\/person\/2352272704ab0dffd80e0e673413ac89","name":"communication@valgo.com","image":{"@type":"ImageObject","inLanguage":"pt-PT","@id":"https:\/\/www.valgo.com\/#\/schema\/person\/image\/","url":"https:\/\/secure.gravatar.com\/avatar\/a1a7c14e1763c00a85d04cab0a94dfe61cc4492f3aa4c67117704b7fd4120416?s=96&d=mm&r=g","contentUrl":"https:\/\/secure.gravatar.com\/avatar\/a1a7c14e1763c00a85d04cab0a94dfe61cc4492f3aa4c67117704b7fd4120416?s=96&d=mm&r=g","caption":"communication@valgo.com"}}]}},"_links":{"self":[{"href":"https:\/\/www.valgo.com\/pt-pt\/wp-json\/wp\/v2\/posts\/2609","targetHints":{"allow":["GET"]}}],"collection":[{"href":"https:\/\/www.valgo.com\/pt-pt\/wp-json\/wp\/v2\/posts"}],"about":[{"href":"https:\/\/www.valgo.com\/pt-pt\/wp-json\/wp\/v2\/types\/post"}],"author":[{"embeddable":true,"href":"https:\/\/www.valgo.com\/pt-pt\/wp-json\/wp\/v2\/users\/12"}],"replies":[{"embeddable":true,"href":"https:\/\/www.valgo.com\/pt-pt\/wp-json\/wp\/v2\/comments?post=2609"}],"version-history":[{"count":2,"href":"https:\/\/www.valgo.com\/pt-pt\/wp-json\/wp\/v2\/posts\/2609\/revisions"}],"predecessor-version":[{"id":11857,"href":"https:\/\/www.valgo.com\/pt-pt\/wp-json\/wp\/v2\/posts\/2609\/revisions\/11857"}],"wp:featuredmedia":[{"embeddable":true,"href":"https:\/\/www.valgo.com\/pt-pt\/wp-json\/wp\/v2\/media\/1979"}],"wp:attachment":[{"href":"https:\/\/www.valgo.com\/pt-pt\/wp-json\/wp\/v2\/media?parent=2609"}],"wp:term":[{"taxonomy":"category","embeddable":true,"href":"https:\/\/www.valgo.com\/pt-pt\/wp-json\/wp\/v2\/categories?post=2609"},{"taxonomy":"post_tag","embeddable":true,"href":"https:\/\/www.valgo.com\/pt-pt\/wp-json\/wp\/v2\/tags?post=2609"}],"curies":[{"name":"wp","href":"https:\/\/api.w.org\/{rel}","templated":true}]}}