{"id":2884,"date":"2019-01-30T10:53:56","date_gmt":"2019-01-30T09:53:56","guid":{"rendered":"https:\/\/www.valgo.com\/?p=2884"},"modified":"2024-10-04T16:54:30","modified_gmt":"2024-10-04T14:54:30","slug":"terrenos-industriales-abandonados-valgo-combina-descontaminacion-y-reconversion-economica-de-terrenos","status":"publish","type":"post","link":"https:\/\/www.valgo.com\/es\/terrenos-industriales-abandonados-valgo-combina-descontaminacion-y-reconversion-economica-de-terrenos\/","title":{"rendered":"Terrenos industriales abandonados: Valgo combina descontaminaci\u00f3n y reconversi\u00f3n econ\u00f3mica de terrenos"},"content":{"rendered":"","protected":false},"excerpt":{"rendered":"","protected":false},"author":20,"featured_media":1980,"comment_status":"open","ping_status":"open","sticky":false,"template":"","format":"standard","meta":{"_acf_changed":false,"footnotes":""},"categories":[75],"tags":[],"class_list":["post-2884","post","type-post","status-publish","format-standard","has-post-thumbnail","hentry","category-comunicados-de-prensa"],"acf":[],"yoast_head":"<!-- This site is optimized with the Yoast SEO plugin v26.6 - https:\/\/yoast.com\/wordpress\/plugins\/seo\/ -->\n<title>Remediaci\u00f3n y reconversi\u00f3n econ\u00f3mica de sitios industriales | VALGO<\/title>\n<meta name=\"description\" content=\"Entrevista de Fran\u00e7ois Bouch\u00e9, CEO de VALGO, empresa especialista en la reconversi\u00f3n de sitios industriales ( deconstrucci\u00f3n, eliminaci\u00f3n de amianto, remediaci\u00f3n, distribuci\u00f3n y desarrollo territorial) en la revista EIN\" \/>\n<meta name=\"robots\" content=\"index, follow, max-snippet:-1, max-image-preview:large, max-video-preview:-1\" \/>\n<link rel=\"canonical\" href=\"https:\/\/www.valgo.com\/es\/terrenos-industriales-abandonados-valgo-combina-descontaminacion-y-reconversion-economica-de-terrenos\/\" \/>\n<meta property=\"og:locale\" content=\"es_ES\" \/>\n<meta property=\"og:type\" content=\"article\" \/>\n<meta property=\"og:title\" content=\"Remediaci\u00f3n y reconversi\u00f3n econ\u00f3mica de sitios industriales | VALGO\" \/>\n<meta property=\"og:description\" content=\"Entrevista de Fran\u00e7ois Bouch\u00e9, CEO de VALGO, empresa especialista en la reconversi\u00f3n de sitios industriales ( deconstrucci\u00f3n, eliminaci\u00f3n de amianto, remediaci\u00f3n, distribuci\u00f3n y desarrollo territorial) en la revista EIN\" \/>\n<meta property=\"og:url\" content=\"https:\/\/www.valgo.com\/es\/terrenos-industriales-abandonados-valgo-combina-descontaminacion-y-reconversion-economica-de-terrenos\/\" \/>\n<meta property=\"article:published_time\" content=\"2019-01-30T09:53:56+00:00\" \/>\n<meta property=\"article:modified_time\" content=\"2024-10-04T14:54:30+00:00\" \/>\n<meta property=\"og:image\" content=\"https:\/\/www.valgo.com\/wp-content\/uploads\/2018\/11\/article.png\" \/>\n\t<meta property=\"og:image:width\" content=\"400\" \/>\n\t<meta property=\"og:image:height\" content=\"250\" \/>\n\t<meta property=\"og:image:type\" content=\"image\/png\" \/>\n<meta name=\"author\" content=\"Alain LEYGUES\" \/>\n<meta name=\"twitter:card\" content=\"summary_large_image\" \/>\n<meta name=\"twitter:label1\" content=\"Escrito por\" \/>\n\t<meta name=\"twitter:data1\" content=\"Alain LEYGUES\" \/>\n<script type=\"application\/ld+json\" class=\"yoast-schema-graph\">{\"@context\":\"https:\/\/schema.org\",\"@graph\":[{\"@type\":\"WebPage\",\"@id\":\"https:\/\/www.valgo.com\/es\/terrenos-industriales-abandonados-valgo-combina-descontaminacion-y-reconversion-economica-de-terrenos\/\",\"url\":\"https:\/\/www.valgo.com\/es\/terrenos-industriales-abandonados-valgo-combina-descontaminacion-y-reconversion-economica-de-terrenos\/\",\"name\":\"Remediaci\u00f3n y reconversi\u00f3n econ\u00f3mica de sitios industriales | VALGO\",\"isPartOf\":{\"@id\":\"https:\/\/www.valgo.com\/#website\"},\"primaryImageOfPage\":{\"@id\":\"https:\/\/www.valgo.com\/es\/terrenos-industriales-abandonados-valgo-combina-descontaminacion-y-reconversion-economica-de-terrenos\/#primaryimage\"},\"image\":{\"@id\":\"https:\/\/www.valgo.com\/es\/terrenos-industriales-abandonados-valgo-combina-descontaminacion-y-reconversion-economica-de-terrenos\/#primaryimage\"},\"thumbnailUrl\":\"https:\/\/www.valgo.com\/wp-content\/uploads\/2018\/11\/article.png\",\"datePublished\":\"2019-01-30T09:53:56+00:00\",\"dateModified\":\"2024-10-04T14:54:30+00:00\",\"author\":{\"@id\":\"https:\/\/www.valgo.com\/#\/schema\/person\/8f30dd2b1cc24f9c1b553872e66f3082\"},\"description\":\"Entrevista de Fran\u00e7ois Bouch\u00e9, CEO de VALGO, empresa especialista en la reconversi\u00f3n de sitios industriales ( deconstrucci\u00f3n, eliminaci\u00f3n de amianto, remediaci\u00f3n, distribuci\u00f3n y desarrollo territorial) en la revista EIN\",\"breadcrumb\":{\"@id\":\"https:\/\/www.valgo.com\/es\/terrenos-industriales-abandonados-valgo-combina-descontaminacion-y-reconversion-economica-de-terrenos\/#breadcrumb\"},\"inLanguage\":\"es\",\"potentialAction\":[{\"@type\":\"ReadAction\",\"target\":[\"https:\/\/www.valgo.com\/es\/terrenos-industriales-abandonados-valgo-combina-descontaminacion-y-reconversion-economica-de-terrenos\/\"]}]},{\"@type\":\"ImageObject\",\"inLanguage\":\"es\",\"@id\":\"https:\/\/www.valgo.com\/es\/terrenos-industriales-abandonados-valgo-combina-descontaminacion-y-reconversion-economica-de-terrenos\/#primaryimage\",\"url\":\"https:\/\/www.valgo.com\/wp-content\/uploads\/2018\/11\/article.png\",\"contentUrl\":\"https:\/\/www.valgo.com\/wp-content\/uploads\/2018\/11\/article.png\",\"width\":400,\"height\":250,\"caption\":\"chantier_valgo_depollution_reconversion_economique\"},{\"@type\":\"BreadcrumbList\",\"@id\":\"https:\/\/www.valgo.com\/es\/terrenos-industriales-abandonados-valgo-combina-descontaminacion-y-reconversion-economica-de-terrenos\/#breadcrumb\",\"itemListElement\":[{\"@type\":\"ListItem\",\"position\":1,\"name\":\"Home\",\"item\":\"https:\/\/www.valgo.com\/es\/\"},{\"@type\":\"ListItem\",\"position\":2,\"name\":\"Terrenos industriales abandonados: Valgo combina descontaminaci\u00f3n y reconversi\u00f3n econ\u00f3mica de terrenos\"}]},{\"@type\":\"WebSite\",\"@id\":\"https:\/\/www.valgo.com\/#website\",\"url\":\"https:\/\/www.valgo.com\/\",\"name\":\"\",\"description\":\"\",\"potentialAction\":[{\"@type\":\"SearchAction\",\"target\":{\"@type\":\"EntryPoint\",\"urlTemplate\":\"https:\/\/www.valgo.com\/?s={search_term_string}\"},\"query-input\":{\"@type\":\"PropertyValueSpecification\",\"valueRequired\":true,\"valueName\":\"search_term_string\"}}],\"inLanguage\":\"es\"},{\"@type\":\"Person\",\"@id\":\"https:\/\/www.valgo.com\/#\/schema\/person\/8f30dd2b1cc24f9c1b553872e66f3082\",\"name\":\"Alain LEYGUES\",\"image\":{\"@type\":\"ImageObject\",\"inLanguage\":\"es\",\"@id\":\"https:\/\/www.valgo.com\/#\/schema\/person\/image\/\",\"url\":\"https:\/\/secure.gravatar.com\/avatar\/46c7bd0a68e3b2dac769ac969e77fe2ea1a7b4f94b61702a767e6b3bd7da5702?s=96&d=mm&r=g\",\"contentUrl\":\"https:\/\/secure.gravatar.com\/avatar\/46c7bd0a68e3b2dac769ac969e77fe2ea1a7b4f94b61702a767e6b3bd7da5702?s=96&d=mm&r=g\",\"caption\":\"Alain LEYGUES\"}}]}<\/script>\n<!-- \/ Yoast SEO plugin. -->","yoast_head_json":{"title":"Remediaci\u00f3n y reconversi\u00f3n econ\u00f3mica de sitios industriales | VALGO","description":"Entrevista de Fran\u00e7ois Bouch\u00e9, CEO de VALGO, empresa especialista en la reconversi\u00f3n de sitios industriales ( deconstrucci\u00f3n, eliminaci\u00f3n de amianto, remediaci\u00f3n, distribuci\u00f3n y desarrollo territorial) en la revista EIN","robots":{"index":"index","follow":"follow","max-snippet":"max-snippet:-1","max-image-preview":"max-image-preview:large","max-video-preview":"max-video-preview:-1"},"canonical":"https:\/\/www.valgo.com\/es\/terrenos-industriales-abandonados-valgo-combina-descontaminacion-y-reconversion-economica-de-terrenos\/","og_locale":"es_ES","og_type":"article","og_title":"Remediaci\u00f3n y reconversi\u00f3n econ\u00f3mica de sitios industriales | VALGO","og_description":"Entrevista de Fran\u00e7ois Bouch\u00e9, CEO de VALGO, empresa especialista en la reconversi\u00f3n de sitios industriales ( deconstrucci\u00f3n, eliminaci\u00f3n de amianto, remediaci\u00f3n, distribuci\u00f3n y desarrollo territorial) en la revista EIN","og_url":"https:\/\/www.valgo.com\/es\/terrenos-industriales-abandonados-valgo-combina-descontaminacion-y-reconversion-economica-de-terrenos\/","article_published_time":"2019-01-30T09:53:56+00:00","article_modified_time":"2024-10-04T14:54:30+00:00","og_image":[{"width":400,"height":250,"url":"https:\/\/www.valgo.com\/wp-content\/uploads\/2018\/11\/article.png","type":"image\/png"}],"author":"Alain LEYGUES","twitter_card":"summary_large_image","twitter_misc":{"Escrito por":"Alain LEYGUES"},"schema":{"@context":"https:\/\/schema.org","@graph":[{"@type":"WebPage","@id":"https:\/\/www.valgo.com\/es\/terrenos-industriales-abandonados-valgo-combina-descontaminacion-y-reconversion-economica-de-terrenos\/","url":"https:\/\/www.valgo.com\/es\/terrenos-industriales-abandonados-valgo-combina-descontaminacion-y-reconversion-economica-de-terrenos\/","name":"Remediaci\u00f3n y reconversi\u00f3n econ\u00f3mica de sitios industriales | VALGO","isPartOf":{"@id":"https:\/\/www.valgo.com\/#website"},"primaryImageOfPage":{"@id":"https:\/\/www.valgo.com\/es\/terrenos-industriales-abandonados-valgo-combina-descontaminacion-y-reconversion-economica-de-terrenos\/#primaryimage"},"image":{"@id":"https:\/\/www.valgo.com\/es\/terrenos-industriales-abandonados-valgo-combina-descontaminacion-y-reconversion-economica-de-terrenos\/#primaryimage"},"thumbnailUrl":"https:\/\/www.valgo.com\/wp-content\/uploads\/2018\/11\/article.png","datePublished":"2019-01-30T09:53:56+00:00","dateModified":"2024-10-04T14:54:30+00:00","author":{"@id":"https:\/\/www.valgo.com\/#\/schema\/person\/8f30dd2b1cc24f9c1b553872e66f3082"},"description":"Entrevista de Fran\u00e7ois Bouch\u00e9, CEO de VALGO, empresa especialista en la reconversi\u00f3n de sitios industriales ( deconstrucci\u00f3n, eliminaci\u00f3n de amianto, remediaci\u00f3n, distribuci\u00f3n y desarrollo territorial) en la revista EIN","breadcrumb":{"@id":"https:\/\/www.valgo.com\/es\/terrenos-industriales-abandonados-valgo-combina-descontaminacion-y-reconversion-economica-de-terrenos\/#breadcrumb"},"inLanguage":"es","potentialAction":[{"@type":"ReadAction","target":["https:\/\/www.valgo.com\/es\/terrenos-industriales-abandonados-valgo-combina-descontaminacion-y-reconversion-economica-de-terrenos\/"]}]},{"@type":"ImageObject","inLanguage":"es","@id":"https:\/\/www.valgo.com\/es\/terrenos-industriales-abandonados-valgo-combina-descontaminacion-y-reconversion-economica-de-terrenos\/#primaryimage","url":"https:\/\/www.valgo.com\/wp-content\/uploads\/2018\/11\/article.png","contentUrl":"https:\/\/www.valgo.com\/wp-content\/uploads\/2018\/11\/article.png","width":400,"height":250,"caption":"chantier_valgo_depollution_reconversion_economique"},{"@type":"BreadcrumbList","@id":"https:\/\/www.valgo.com\/es\/terrenos-industriales-abandonados-valgo-combina-descontaminacion-y-reconversion-economica-de-terrenos\/#breadcrumb","itemListElement":[{"@type":"ListItem","position":1,"name":"Home","item":"https:\/\/www.valgo.com\/es\/"},{"@type":"ListItem","position":2,"name":"Terrenos industriales abandonados: Valgo combina descontaminaci\u00f3n y reconversi\u00f3n econ\u00f3mica de terrenos"}]},{"@type":"WebSite","@id":"https:\/\/www.valgo.com\/#website","url":"https:\/\/www.valgo.com\/","name":"","description":"","potentialAction":[{"@type":"SearchAction","target":{"@type":"EntryPoint","urlTemplate":"https:\/\/www.valgo.com\/?s={search_term_string}"},"query-input":{"@type":"PropertyValueSpecification","valueRequired":true,"valueName":"search_term_string"}}],"inLanguage":"es"},{"@type":"Person","@id":"https:\/\/www.valgo.com\/#\/schema\/person\/8f30dd2b1cc24f9c1b553872e66f3082","name":"Alain LEYGUES","image":{"@type":"ImageObject","inLanguage":"es","@id":"https:\/\/www.valgo.com\/#\/schema\/person\/image\/","url":"https:\/\/secure.gravatar.com\/avatar\/46c7bd0a68e3b2dac769ac969e77fe2ea1a7b4f94b61702a767e6b3bd7da5702?s=96&d=mm&r=g","contentUrl":"https:\/\/secure.gravatar.com\/avatar\/46c7bd0a68e3b2dac769ac969e77fe2ea1a7b4f94b61702a767e6b3bd7da5702?s=96&d=mm&r=g","caption":"Alain LEYGUES"}}]}},"_links":{"self":[{"href":"https:\/\/www.valgo.com\/es\/wp-json\/wp\/v2\/posts\/2884","targetHints":{"allow":["GET"]}}],"collection":[{"href":"https:\/\/www.valgo.com\/es\/wp-json\/wp\/v2\/posts"}],"about":[{"href":"https:\/\/www.valgo.com\/es\/wp-json\/wp\/v2\/types\/post"}],"author":[{"embeddable":true,"href":"https:\/\/www.valgo.com\/es\/wp-json\/wp\/v2\/users\/20"}],"replies":[{"embeddable":true,"href":"https:\/\/www.valgo.com\/es\/wp-json\/wp\/v2\/comments?post=2884"}],"version-history":[{"count":1,"href":"https:\/\/www.valgo.com\/es\/wp-json\/wp\/v2\/posts\/2884\/revisions"}],"predecessor-version":[{"id":11869,"href":"https:\/\/www.valgo.com\/es\/wp-json\/wp\/v2\/posts\/2884\/revisions\/11869"}],"wp:featuredmedia":[{"embeddable":true,"href":"https:\/\/www.valgo.com\/es\/wp-json\/wp\/v2\/media\/1980"}],"wp:attachment":[{"href":"https:\/\/www.valgo.com\/es\/wp-json\/wp\/v2\/media?parent=2884"}],"wp:term":[{"taxonomy":"category","embeddable":true,"href":"https:\/\/www.valgo.com\/es\/wp-json\/wp\/v2\/categories?post=2884"},{"taxonomy":"post_tag","embeddable":true,"href":"https:\/\/www.valgo.com\/es\/wp-json\/wp\/v2\/tags?post=2884"}],"curies":[{"name":"wp","href":"https:\/\/api.w.org\/{rel}","templated":true}]}}